{"id":6582,"date":"2025-11-11T11:00:36","date_gmt":"2025-11-11T08:00:36","guid":{"rendered":"https:\/\/andreibarseanu.ro\/?p=6582"},"modified":"2025-11-11T11:00:36","modified_gmt":"2025-11-11T08:00:36","slug":"saptamana-educatiei-globale-global-education-week-gew-2025","status":"publish","type":"post","link":"https:\/\/andreibarseanu.ro\/en\/saptamana-educatiei-globale-global-education-week-gew-2025\/","title":{"rendered":"S\u0103pt\u0103m\u00e2na Educa\u021biei Globale (Global Education Week) GEW 2025"},"content":{"rendered":"<p><div class=\"fusion-fullwidth fullwidth-box fusion-builder-row-1 fusion-flex-container has-pattern-background has-mask-background nonhundred-percent-fullwidth non-hundred-percent-height-scrolling\" style=\"--awb-border-radius-top-left:0px;--awb-border-radius-top-right:0px;--awb-border-radius-bottom-right:0px;--awb-border-radius-bottom-left:0px;--awb-padding-top:100px;--awb-padding-top-small:30px;--awb-flex-wrap:wrap;\" ><div class=\"fusion-builder-row fusion-row fusion-flex-align-items-flex-start fusion-flex-content-wrap\" style=\"max-width:1372.8px;margin-left: calc(-4% \/ 2 );margin-right: calc(-4% \/ 2 );\"><div class=\"fusion-layout-column fusion_builder_column fusion-builder-column-0 fusion_builder_column_1_1 1_1 fusion-flex-column\" style=\"--awb-bg-size:cover;--awb-width-large:100%;--awb-margin-top-large:0px;--awb-spacing-right-large:1.92%;--awb-margin-bottom-large:0px;--awb-spacing-left-large:1.92%;--awb-width-medium:100%;--awb-order-medium:0;--awb-spacing-right-medium:1.92%;--awb-spacing-left-medium:1.92%;--awb-width-small:100%;--awb-order-small:0;--awb-spacing-right-small:1.92%;--awb-spacing-left-small:1.92%;\" data-scroll-devices=\"small-visibility,medium-visibility,large-visibility\"><div class=\"fusion-column-wrapper fusion-column-has-shadow fusion-flex-justify-content-flex-start fusion-content-layout-column\"><div class=\"fusion-text fusion-text-1 fusion-text-no-margin\" style=\"--awb-content-alignment:center;--awb-font-size:22px;--awb-text-color:var(--awb-color5);--awb-margin-bottom:30px;\"><p>S\u0103pt\u0103m\u00e2na Educa\u021biei Globale (Global Education Week) GEW 2025<\/p>\n<\/div><div class=\"fusion-image-element \" style=\"--awb-caption-title-font-family:var(--h2_typography-font-family);--awb-caption-title-font-weight:var(--h2_typography-font-weight);--awb-caption-title-font-style:var(--h2_typography-font-style);--awb-caption-title-size:var(--h2_typography-font-size);--awb-caption-title-transform:var(--h2_typography-text-transform);--awb-caption-title-line-height:var(--h2_typography-line-height);--awb-caption-title-letter-spacing:var(--h2_typography-letter-spacing);\"><span class=\" fusion-imageframe imageframe-none imageframe-1 hover-type-none\"><img decoding=\"async\" width=\"1600\" height=\"900\" title=\"17\" src=\"https:\/\/andreibarseanu.ro\/wp-content\/uploads\/2025\/11\/17.jpeg\" data-orig-src=\"https:\/\/andreibarseanu.ro\/wp-content\/uploads\/2025\/11\/17.jpeg\" alt class=\"lazyload img-responsive wp-image-6596\" srcset=\"data:image\/svg+xml,%3Csvg%20xmlns%3D%27http%3A%2F%2Fwww.w3.org%2F2000%2Fsvg%27%20width%3D%271600%27%20height%3D%27900%27%20viewBox%3D%270%200%201600%20900%27%3E%3Crect%20width%3D%271600%27%20height%3D%27900%27%20fill-opacity%3D%220%22%2F%3E%3C%2Fsvg%3E\" data-srcset=\"https:\/\/andreibarseanu.ro\/wp-content\/uploads\/2025\/11\/17-200x113.jpeg 200w, https:\/\/andreibarseanu.ro\/wp-content\/uploads\/2025\/11\/17-400x225.jpeg 400w, https:\/\/andreibarseanu.ro\/wp-content\/uploads\/2025\/11\/17-600x338.jpeg 600w, https:\/\/andreibarseanu.ro\/wp-content\/uploads\/2025\/11\/17-800x450.jpeg 800w, https:\/\/andreibarseanu.ro\/wp-content\/uploads\/2025\/11\/17-1200x675.jpeg 1200w, https:\/\/andreibarseanu.ro\/wp-content\/uploads\/2025\/11\/17.jpeg 1600w\" data-sizes=\"auto\" data-orig-sizes=\"(max-width: 850px) 100vw, 1600px\" \/><\/span><\/div><div class=\"fusion-text fusion-text-2 fusion-text-no-margin\" style=\"--awb-margin-top:60px;--awb-margin-bottom:30px;\"><p>Implicarea elevilor \u00een activit\u0103\u021bi ce urm\u0103resc tema S\u0103pt\u0103m\u00e2nii Educa\u021biei Globale din acest an, ofer\u0103 oportunit\u0103\u021bi valoroase de a dezvolta empatia, con\u0219tientizarea global\u0103 \u0219i responsabilitatea social\u0103. Activit\u0103\u021bile interdisciplinare \u0219i resursele propuse sprijin\u0103 integrarea valorilor incluzive \u0219i sustenabilitatea, promov\u00e2nd respectul fa\u021b\u0103 de diversitate \u0219i colaborarea. Prin astfel de experien\u021be, elevii descoper\u0103 cum ac\u021biunile lor influen\u021beaz\u0103 pozitiv lumea din jur \u0219i devin cet\u0103\u021beni activi \u0219i implica\u021bi \u00eentr-o comunitate global\u0103 interconectat\u0103.<\/p>\n<\/div><div class=\"fusion-image-element \" style=\"--awb-caption-title-font-family:var(--h2_typography-font-family);--awb-caption-title-font-weight:var(--h2_typography-font-weight);--awb-caption-title-font-style:var(--h2_typography-font-style);--awb-caption-title-size:var(--h2_typography-font-size);--awb-caption-title-transform:var(--h2_typography-text-transform);--awb-caption-title-line-height:var(--h2_typography-line-height);--awb-caption-title-letter-spacing:var(--h2_typography-letter-spacing);\"><span class=\" fusion-imageframe imageframe-none imageframe-2 hover-type-none\"><img decoding=\"async\" width=\"270\" height=\"196\" title=\"isj\" src=\"https:\/\/andreibarseanu.ro\/wp-content\/uploads\/2025\/11\/isj.jpg\" data-orig-src=\"https:\/\/andreibarseanu.ro\/wp-content\/uploads\/2025\/11\/isj.jpg\" alt class=\"lazyload img-responsive wp-image-6584\" srcset=\"data:image\/svg+xml,%3Csvg%20xmlns%3D%27http%3A%2F%2Fwww.w3.org%2F2000%2Fsvg%27%20width%3D%27270%27%20height%3D%27196%27%20viewBox%3D%270%200%20270%20196%27%3E%3Crect%20width%3D%27270%27%20height%3D%27196%27%20fill-opacity%3D%220%22%2F%3E%3C%2Fsvg%3E\" data-srcset=\"https:\/\/andreibarseanu.ro\/wp-content\/uploads\/2025\/11\/isj-200x145.jpg 200w, https:\/\/andreibarseanu.ro\/wp-content\/uploads\/2025\/11\/isj.jpg 270w\" data-sizes=\"auto\" data-orig-sizes=\"(max-width: 850px) 100vw, 270px\" \/><\/span><\/div><div class=\"fusion-text fusion-text-3 fusion-text-no-margin\" style=\"--awb-margin-top:60px;--awb-margin-bottom:30px;\"><p>Preciz\u0103ri de la INSPECTORATUL \u0218COLAR JUDE\u0162EAN MURE\u015e, conform notei nr. 1013\/14.10.2025<\/p>\n<p>Referitor: S\u0103pt\u0103m\u00e2na Educa\u021biei Globale 2025<span class=\"Apple-converted-space\">\u00a0<\/span><\/p>\n<p>\u00cen cadrul <b>iLEGEND III<\/b>, un program comun al <b>Uniunii Europene<\/b> \u0219i al <b>Consiliului Europei<\/b>, <b>S\u0103pt\u0103m\u00e2na Educa\u021biei Globale 2025<\/b> coordonat\u0103 de <b>Centrul Nord-Sud al Consiliului Europei<\/b>, se va desf\u0103\u0219ura \u00een perioada <b>17 -24 noiembrie<\/b>.<span class=\"Apple-converted-space\">\u00a0<\/span><\/p>\n<p>Tema campaniei interna\u021bionale 2025 este <b>Modelarea unui viitor just<\/b>, <b>pa\u0219nic \u0219i sustenabil<\/b> \u0219i motto-ul <b>Speran\u021b\u0103 \u00een ac\u021biune<\/b>. \u0218i \u00een acest an profesorii sunt invita\u021bi s\u0103 \u00eenscrie activit\u0103\u021bile pe care le vor organiza \u00een cadrul campaniei GEW 2025 pe formularul pus la dispozi\u021bie de coordonatorii na\u021bionali.<span class=\"Apple-converted-space\">\u00a0<\/span><\/p>\n<p>Profesorii pot disemina, la nivel na\u021bional, aspecte din activit\u0103\u021bile organizate (imagini, video), \u00eenso\u021bite de scurte descrieri. Acestea vor fi postate de coordonatorii na\u021bionali pe pagina <b>Global Education Week &#8211; Romania<\/b>, pe m\u0103sur\u0103 ce vor fi transmise pe adresa de e-mail dedicat\u0103 acestei campanii, <a href=\"mailto:globaleducationweek.romania@gmail.com\">globaleducationweek.romania@gmail.com<\/a><\/p>\n<p><a href=\"https:\/\/docs.google.com\/forms\/d\/e\/1FAIpQLSeMDcTDfib60FT1Uw4_RCednFXOtA58SgQL6kx7isFPicIVg\/viewform?pli=1\">Formularul de \u00eenscriere<\/a> con\u021bine toate informa\u021biile necesare, inclusiv un link la RESURSELE INFORMATIONALE privind GEW 2025. Formularul se completeaz\u0103 individual de fiecare profesor organizator (f\u0103r\u0103 a include liste nominale de profesori sau de elevi).<\/p>\n<\/div><div class=\"fusion-image-element \" style=\"--awb-caption-title-font-family:var(--h2_typography-font-family);--awb-caption-title-font-weight:var(--h2_typography-font-weight);--awb-caption-title-font-style:var(--h2_typography-font-style);--awb-caption-title-size:var(--h2_typography-font-size);--awb-caption-title-transform:var(--h2_typography-text-transform);--awb-caption-title-line-height:var(--h2_typography-line-height);--awb-caption-title-letter-spacing:var(--h2_typography-letter-spacing);\"><span class=\" fusion-imageframe imageframe-none imageframe-3 hover-type-none\"><img decoding=\"async\" width=\"600\" height=\"259\" title=\"coe\" src=\"https:\/\/andreibarseanu.ro\/wp-content\/uploads\/2025\/11\/coe.jpg\" data-orig-src=\"https:\/\/andreibarseanu.ro\/wp-content\/uploads\/2025\/11\/coe.jpg\" alt class=\"lazyload img-responsive wp-image-6585\" srcset=\"data:image\/svg+xml,%3Csvg%20xmlns%3D%27http%3A%2F%2Fwww.w3.org%2F2000%2Fsvg%27%20width%3D%27600%27%20height%3D%27259%27%20viewBox%3D%270%200%20600%20259%27%3E%3Crect%20width%3D%27600%27%20height%3D%27259%27%20fill-opacity%3D%220%22%2F%3E%3C%2Fsvg%3E\" data-srcset=\"https:\/\/andreibarseanu.ro\/wp-content\/uploads\/2025\/11\/coe-200x86.jpg 200w, https:\/\/andreibarseanu.ro\/wp-content\/uploads\/2025\/11\/coe-400x173.jpg 400w, https:\/\/andreibarseanu.ro\/wp-content\/uploads\/2025\/11\/coe.jpg 600w\" data-sizes=\"auto\" data-orig-sizes=\"(max-width: 850px) 100vw, 600px\" \/><\/span><\/div><div class=\"fusion-text fusion-text-4 fusion-text-no-margin\" style=\"--awb-margin-top:60px;--awb-margin-bottom:30px;\"><p>Sursa: <a href=\"https:\/\/www.coe.int\/en\/web\/north-south-centre\/the-global-education-week\">https:\/\/www.coe.int\/en\/web\/north-south-centre\/the-global-education-week<\/a><\/p>\n<p>Educa\u021bia Global\u0103 \u00eei ajut\u0103 pe cursan\u021bi s\u0103 dezvolte r\u0103spunsuri individuale \u0219i colective la probleme sociale, ecologice, politice, economice \u0219i etice de interes comun. Mobilizeaz\u0103 angajamentul fa\u021b\u0103 de Obiectivele de Dezvoltare Durabil\u0103 (ODD) \u0219i, \u00een special, fa\u021b\u0103 de ODD 4.7: Educa\u021bie pentru dezvoltare durabil\u0103 \u0219i cet\u0103\u021benie global\u0103.<\/p>\n<p>S\u0103pt\u0103m\u00e2na Educa\u021biei Globale face parte din <a href=\"https:\/\/www.coe.int\/en\/web\/north-south-centre\/ilegend\">iLEGEND III: Schimb de \u00eenv\u0103\u021bare intercultural\u0103 prin educa\u021bie global\u0103, creare de re\u021bele \u0219i dialog<\/a>, program comun al Uniunii Europene \u0219i al Consiliului Europei: cofinan\u021bat de Uniunea European\u0103 \u0219i Consiliul Europei \u0219i implementat de Centrul Nord-Sud al Consiliului Europei. Campania este implementat\u0103 \u00een \u021b\u0103rile participante de c\u0103tre Re\u021beaua Educa\u021biei Globale.<\/p>\n<p>Ca \u00een fiecare an, aceast\u0103 s\u0103pt\u0103m\u00e2n\u0103 va inspira o mobilizare pe scar\u0103 larg\u0103 \u00een favoarea educa\u021biei de calitate, reunind mii de activit\u0103\u021bi \u00een \u00eentreaga Europ\u0103 \u0219i nu numai. Sub tema \u201eModelarea unui viitor drept, pa\u0219nic \u0219i sustenabil\u201d, edi\u021bia din 2025 este un <a href=\"https:\/\/www.coe.int\/en\/web\/north-south-centre\/-\/the-global-education-week-2025-turns-hope-into-action\">apel din partea Re\u021belei Globale de Educa\u021bie pentru a transforma speran\u021ba \u00een ac\u021biune<\/a>. Afla\u021bi mai jos cum v\u0103 pute\u021bi al\u0103tura.<span class=\"Apple-converted-space\">\u00a0<\/span><\/p>\n<p>Tema anual\u0103 pentru 2025 exploreaz\u0103 cei 5 piloni ai Agendei 2030: Oameni, Planet\u0103, Prosperitate, Pace \u0219i Parteneriat.<\/p>\n<\/div><\/div><\/div><\/div><\/div><div class=\"fusion-fullwidth fullwidth-box fusion-builder-row-2 fusion-flex-container has-pattern-background has-mask-background nonhundred-percent-fullwidth non-hundred-percent-height-scrolling\" style=\"--awb-border-radius-top-left:0px;--awb-border-radius-top-right:0px;--awb-border-radius-bottom-right:0px;--awb-border-radius-bottom-left:0px;--awb-flex-wrap:wrap;\" ><div class=\"fusion-builder-row fusion-row fusion-flex-align-items-flex-start fusion-flex-content-wrap\" style=\"max-width:1372.8px;margin-left: calc(-4% \/ 2 );margin-right: calc(-4% \/ 2 );\"><div class=\"fusion-layout-column fusion_builder_column fusion-builder-column-1 fusion_builder_column_1_2 1_2 fusion-flex-column\" style=\"--awb-bg-size:cover;--awb-width-large:50%;--awb-margin-top-large:0px;--awb-spacing-right-large:3.84%;--awb-margin-bottom-large:20px;--awb-spacing-left-large:3.84%;--awb-width-medium:50%;--awb-order-medium:0;--awb-spacing-right-medium:3.84%;--awb-spacing-left-medium:3.84%;--awb-width-small:100%;--awb-order-small:0;--awb-spacing-right-small:1.92%;--awb-spacing-left-small:1.92%;\"><div class=\"fusion-column-wrapper fusion-column-has-shadow fusion-flex-justify-content-flex-start fusion-content-layout-column\"><div class=\"fusion-image-element \" style=\"--awb-caption-title-font-family:var(--h2_typography-font-family);--awb-caption-title-font-weight:var(--h2_typography-font-weight);--awb-caption-title-font-style:var(--h2_typography-font-style);--awb-caption-title-size:var(--h2_typography-font-size);--awb-caption-title-transform:var(--h2_typography-text-transform);--awb-caption-title-line-height:var(--h2_typography-line-height);--awb-caption-title-letter-spacing:var(--h2_typography-letter-spacing);\"><span class=\" fusion-imageframe imageframe-none imageframe-4 hover-type-none\"><img decoding=\"async\" width=\"650\" height=\"919\" title=\"RO\" src=\"https:\/\/andreibarseanu.ro\/wp-content\/uploads\/2025\/11\/RO.jpg\" data-orig-src=\"https:\/\/andreibarseanu.ro\/wp-content\/uploads\/2025\/11\/RO.jpg\" alt class=\"lazyload img-responsive wp-image-6589\" srcset=\"data:image\/svg+xml,%3Csvg%20xmlns%3D%27http%3A%2F%2Fwww.w3.org%2F2000%2Fsvg%27%20width%3D%27650%27%20height%3D%27919%27%20viewBox%3D%270%200%20650%20919%27%3E%3Crect%20width%3D%27650%27%20height%3D%27919%27%20fill-opacity%3D%220%22%2F%3E%3C%2Fsvg%3E\" data-srcset=\"https:\/\/andreibarseanu.ro\/wp-content\/uploads\/2025\/11\/RO-200x283.jpg 200w, https:\/\/andreibarseanu.ro\/wp-content\/uploads\/2025\/11\/RO-400x566.jpg 400w, https:\/\/andreibarseanu.ro\/wp-content\/uploads\/2025\/11\/RO-600x848.jpg 600w, https:\/\/andreibarseanu.ro\/wp-content\/uploads\/2025\/11\/RO.jpg 650w\" data-sizes=\"auto\" data-orig-sizes=\"(max-width: 850px) 100vw, 650px\" \/><\/span><\/div><\/div><\/div><div class=\"fusion-layout-column fusion_builder_column fusion-builder-column-2 fusion_builder_column_1_2 1_2 fusion-flex-column\" style=\"--awb-bg-size:cover;--awb-width-large:50%;--awb-margin-top-large:0px;--awb-spacing-right-large:3.84%;--awb-margin-bottom-large:20px;--awb-spacing-left-large:3.84%;--awb-width-medium:50%;--awb-order-medium:0;--awb-spacing-right-medium:3.84%;--awb-spacing-left-medium:3.84%;--awb-width-small:100%;--awb-order-small:0;--awb-spacing-right-small:1.92%;--awb-spacing-left-small:1.92%;\"><div class=\"fusion-column-wrapper fusion-column-has-shadow fusion-flex-justify-content-flex-start fusion-content-layout-column\"><div class=\"fusion-image-element \" style=\"--awb-caption-title-font-family:var(--h2_typography-font-family);--awb-caption-title-font-weight:var(--h2_typography-font-weight);--awb-caption-title-font-style:var(--h2_typography-font-style);--awb-caption-title-size:var(--h2_typography-font-size);--awb-caption-title-transform:var(--h2_typography-text-transform);--awb-caption-title-line-height:var(--h2_typography-line-height);--awb-caption-title-letter-spacing:var(--h2_typography-letter-spacing);\"><span class=\" fusion-imageframe imageframe-none imageframe-5 hover-type-none\"><img decoding=\"async\" width=\"650\" height=\"919\" title=\"EN\" src=\"https:\/\/andreibarseanu.ro\/wp-content\/uploads\/2025\/11\/EN-1.jpg\" data-orig-src=\"https:\/\/andreibarseanu.ro\/wp-content\/uploads\/2025\/11\/EN-1.jpg\" alt class=\"lazyload img-responsive wp-image-6588\" srcset=\"data:image\/svg+xml,%3Csvg%20xmlns%3D%27http%3A%2F%2Fwww.w3.org%2F2000%2Fsvg%27%20width%3D%27650%27%20height%3D%27919%27%20viewBox%3D%270%200%20650%20919%27%3E%3Crect%20width%3D%27650%27%20height%3D%27919%27%20fill-opacity%3D%220%22%2F%3E%3C%2Fsvg%3E\" data-srcset=\"https:\/\/andreibarseanu.ro\/wp-content\/uploads\/2025\/11\/EN-1-200x283.jpg 200w, https:\/\/andreibarseanu.ro\/wp-content\/uploads\/2025\/11\/EN-1-400x566.jpg 400w, https:\/\/andreibarseanu.ro\/wp-content\/uploads\/2025\/11\/EN-1-600x848.jpg 600w, https:\/\/andreibarseanu.ro\/wp-content\/uploads\/2025\/11\/EN-1.jpg 650w\" data-sizes=\"auto\" data-orig-sizes=\"(max-width: 850px) 100vw, 650px\" \/><\/span><\/div><\/div><\/div><\/div><\/div><div class=\"fusion-fullwidth fullwidth-box fusion-builder-row-3 fusion-flex-container has-pattern-background has-mask-background nonhundred-percent-fullwidth non-hundred-percent-height-scrolling\" style=\"--awb-border-radius-top-left:0px;--awb-border-radius-top-right:0px;--awb-border-radius-bottom-right:0px;--awb-border-radius-bottom-left:0px;--awb-flex-wrap:wrap;\" ><div class=\"fusion-builder-row fusion-row fusion-flex-align-items-flex-start fusion-flex-content-wrap\" style=\"max-width:1372.8px;margin-left: calc(-4% \/ 2 );margin-right: calc(-4% \/ 2 );\"><div class=\"fusion-layout-column fusion_builder_column fusion-builder-column-3 fusion_builder_column_1_1 1_1 fusion-flex-column\" style=\"--awb-bg-size:cover;--awb-width-large:100%;--awb-margin-top-large:0px;--awb-spacing-right-large:1.92%;--awb-margin-bottom-large:20px;--awb-spacing-left-large:1.92%;--awb-width-medium:100%;--awb-order-medium:0;--awb-spacing-right-medium:1.92%;--awb-spacing-left-medium:1.92%;--awb-width-small:100%;--awb-order-small:0;--awb-spacing-right-small:1.92%;--awb-spacing-left-small:1.92%;\"><div class=\"fusion-column-wrapper fusion-column-has-shadow fusion-flex-justify-content-flex-start fusion-content-layout-column\"><div class=\"fusion-image-element \" style=\"--awb-caption-title-font-family:var(--h2_typography-font-family);--awb-caption-title-font-weight:var(--h2_typography-font-weight);--awb-caption-title-font-style:var(--h2_typography-font-style);--awb-caption-title-size:var(--h2_typography-font-size);--awb-caption-title-transform:var(--h2_typography-text-transform);--awb-caption-title-line-height:var(--h2_typography-line-height);--awb-caption-title-letter-spacing:var(--h2_typography-letter-spacing);\"><span class=\" fusion-imageframe imageframe-none imageframe-6 hover-type-none\"><img decoding=\"async\" width=\"500\" height=\"89\" title=\"mec\" src=\"https:\/\/andreibarseanu.ro\/wp-content\/uploads\/2025\/11\/mec.jpg\" data-orig-src=\"https:\/\/andreibarseanu.ro\/wp-content\/uploads\/2025\/11\/mec.jpg\" alt class=\"lazyload img-responsive wp-image-6591\" srcset=\"data:image\/svg+xml,%3Csvg%20xmlns%3D%27http%3A%2F%2Fwww.w3.org%2F2000%2Fsvg%27%20width%3D%27500%27%20height%3D%2789%27%20viewBox%3D%270%200%20500%2089%27%3E%3Crect%20width%3D%27500%27%20height%3D%2789%27%20fill-opacity%3D%220%22%2F%3E%3C%2Fsvg%3E\" data-srcset=\"https:\/\/andreibarseanu.ro\/wp-content\/uploads\/2025\/11\/mec-200x36.jpg 200w, https:\/\/andreibarseanu.ro\/wp-content\/uploads\/2025\/11\/mec-400x71.jpg 400w, https:\/\/andreibarseanu.ro\/wp-content\/uploads\/2025\/11\/mec.jpg 500w\" data-sizes=\"auto\" data-orig-sizes=\"(max-width: 850px) 100vw, 500px\" \/><\/span><\/div><div class=\"fusion-text fusion-text-5\"><p>Sursa: <a href=\"https:\/\/www.edu.ro\/educatie-pentru-dezvoltare-durabila\">https:\/\/www.edu.ro\/educatie-pentru-dezvoltare-durabila<\/a><\/p>\n<p>Coordonator la nivel na\u021bional a implement\u0103rii celor 17 obiective de dezvoltare durabil\u0103 este\u00a0<a href=\"http:\/\/dezvoltaredurabila.gov.ro\/\">Departamentul pentru Dezvoltare Durabil\u0103<\/a>, \u00eenfiin\u021bat \u00een 2017 \u00een cadrul aparatului de lucru al Guvernului, \u00een subordinea prim-ministrului.<\/p>\n<p><b>Documente strategice<\/b><b><\/b><\/p>\n<ul>\n<li><b>Educa\u021bia\u00a0pentru Dezvoltare Durabil\u0103<\/b>\u00a0(material de sintez\u0103 2023) [<a href=\"https:\/\/www.edu.ro\/sites\/default\/files\/EDD_RO_sinteza.pdf\"><b>RO<\/b><\/a>] + [<a href=\"https:\/\/www.edu.ro\/sites\/default\/files\/ESD_EN.pdf\"><b>EN<\/b><\/a>]<\/li>\n<li><a href=\"https:\/\/www.edu.ro\/sites\/default\/files\/Agenda%25202030%2520SDG.PDF\">Agenda 2030<\/a><\/li>\n<\/ul>\n<p><b>Resurse<\/b><b><\/b><\/p>\n<ul>\n<li><a href=\"https:\/\/www.youtube.com\/educatielainaltime\"><b>Lec\u021bii Educa\u021bie la \u00cen\u0103l\u021bime<\/b><\/a>: lec\u021bii live transmise de profesori creativi din locuri relevante, lec\u021bii care cuprind zboruri cu drona, experimente, reportaje, invita\u021bi speciali, concursuri \u0219i interac\u021biune \u00een direct cu \u0219colile din \u021bar\u0103)<\/li>\n<li><a href=\"https:\/\/www.youtube.com\/watch?v=4ujfvICbyfg&amp;list=PLZqmG_jDSNbHVbg5lnxQSgna4rvXBBLzA&amp;pp=iAQB\"><b>Ghiozdanul cu Obiective de Dezvoltare Durabil\u0103<\/b><\/a><b>:<\/b>\u00a0prin acest proiect, profesorii din Rom\u00e2nia \u0219i Republica Moldova au acces gratuit la 34 de materiale didactice despre cele 17 obiective de dezvoltare durabil\u0103, pe care le pot integra \u00een lec\u021biile lor<\/li>\n<li><a href=\"https:\/\/dezvoltaredurabila.gov.ro\/benzi-desenate-planeta-pamant-si-obiectivele-pentru-dezvoltare-durabila-13491494\"><b>Benzi desenate Planeta P\u00e2m\u00e2nt \u0219i Obiectivele pentru Dezvoltare Durabil\u0103<\/b><b><\/b><\/a><\/li>\n<li><a href=\"https:\/\/dezvoltaredurabila.gov.ro\/cartea-obiectivelor-de-dezvoltare-durabila-pentru-cei-mici-15997233\"><b>Cartea Obiectivelor de dezvoltare durabil\u0103 pentru cei mici<\/b><b><\/b><\/a><\/li>\n<li><a href=\"https:\/\/www.edu.ro\/sites\/default\/files\/Criterii_de_calitate_ale_scolilor_dezvoltarii_durabile.pdf\">Criterii de calitate pentru\u00a0\u0219coli responsabile<\/a><\/li>\n<li><a href=\"https:\/\/www.edu.ro\/sites\/default\/files\/Ghid-viata-responsabila.pdf\">Ghid via\u021b\u0103\u00a0responsabil\u0103<\/a><\/li>\n<li><a href=\"https:\/\/www.edu.ro\/sites\/default\/files\/Global%2520how%2520-%2520Facilitarea%2520educatiei%2520globale.pdf\">Global how? (Facilitarea educa\u021biei globale)<\/a><\/li>\n<\/ul>\n<p><b>Educa\u021bie pentru Obiectivele de Dezvoltare Durabil\u0103<\/b><b><\/b><\/p>\n<ul>\n<li><a href=\"https:\/\/www.edu.ro\/sites\/default\/files\/manual%2520UNESCO%2520-%2520Educatie%2520pentru%2520Obiectivele%2520de%2520Dezvoltare%2520Durabila.pdf\">Manual UNESCO\u00a0 -Educa\u021bie\u00a0pentru Dezvoltare Durabil\u0103<\/a><\/li>\n<li><a href=\"https:\/\/www.edu.ro\/planuri-de-lec%25C8%259Bii-edd\"><b>Planuri de lec\u021bii pentru obiectivele de dezvoltare durabil\u0103<\/b><b><\/b><\/a><\/li>\n<\/ul>\n<p><b>Parteneri<\/b><b><\/b><\/p>\n<ul>\n<li><a href=\"http:\/\/reper21.ro\/\"><b>Asocia\u021bia Reper21<\/b><b><\/b><\/a><\/li>\n<\/ul>\n<\/div><div class=\"fusion-text fusion-text-6 fusion-text-no-margin\" style=\"--awb-margin-bottom:30px;\"><p>Exemplu de resurs\u0103: <a href=\"https:\/\/dezvoltaredurabila.gov.ro\/2020-benzi-desenate-planeta-pmnt-i-obiectivele-pentru-dezvoltare-durabil\"><b>Benzi desenate Planeta P\u00e2m\u00e2nt \u0219i Obiectivele pentru Dezvoltare Durabil\u0103<\/b><b><\/b><\/a><\/p>\n<\/div><\/div><\/div><\/div><\/div><div class=\"fusion-fullwidth fullwidth-box fusion-builder-row-4 fusion-flex-container has-pattern-background has-mask-background nonhundred-percent-fullwidth non-hundred-percent-height-scrolling\" style=\"--awb-border-radius-top-left:0px;--awb-border-radius-top-right:0px;--awb-border-radius-bottom-right:0px;--awb-border-radius-bottom-left:0px;--awb-margin-bottom:60px;--awb-flex-wrap:wrap;\" ><div class=\"fusion-builder-row fusion-row fusion-flex-align-items-flex-start fusion-flex-content-wrap\" style=\"max-width:1372.8px;margin-left: calc(-4% \/ 2 );margin-right: calc(-4% \/ 2 );\"><div class=\"fusion-layout-column fusion_builder_column fusion-builder-column-4 fusion_builder_column_1_2 1_2 fusion-flex-column\" style=\"--awb-bg-size:cover;--awb-width-large:50%;--awb-margin-top-large:0px;--awb-spacing-right-large:3.84%;--awb-margin-bottom-large:20px;--awb-spacing-left-large:3.84%;--awb-width-medium:50%;--awb-order-medium:0;--awb-spacing-right-medium:3.84%;--awb-spacing-left-medium:3.84%;--awb-width-small:100%;--awb-order-small:0;--awb-spacing-right-small:1.92%;--awb-spacing-left-small:1.92%;\"><div class=\"fusion-column-wrapper fusion-column-has-shadow fusion-flex-justify-content-flex-start fusion-content-layout-column\"><div class=\"fusion-image-element \" style=\"--awb-caption-title-font-family:var(--h2_typography-font-family);--awb-caption-title-font-weight:var(--h2_typography-font-weight);--awb-caption-title-font-style:var(--h2_typography-font-style);--awb-caption-title-size:var(--h2_typography-font-size);--awb-caption-title-transform:var(--h2_typography-text-transform);--awb-caption-title-line-height:var(--h2_typography-line-height);--awb-caption-title-letter-spacing:var(--h2_typography-letter-spacing);\"><span class=\" fusion-imageframe imageframe-none imageframe-7 hover-type-none\"><img decoding=\"async\" width=\"800\" height=\"1115\" title=\"EN\" src=\"https:\/\/andreibarseanu.ro\/wp-content\/uploads\/2025\/11\/EN.jpg\" data-orig-src=\"https:\/\/andreibarseanu.ro\/wp-content\/uploads\/2025\/11\/EN.jpg\" alt class=\"lazyload img-responsive wp-image-6586\" srcset=\"data:image\/svg+xml,%3Csvg%20xmlns%3D%27http%3A%2F%2Fwww.w3.org%2F2000%2Fsvg%27%20width%3D%27800%27%20height%3D%271115%27%20viewBox%3D%270%200%20800%201115%27%3E%3Crect%20width%3D%27800%27%20height%3D%271115%27%20fill-opacity%3D%220%22%2F%3E%3C%2Fsvg%3E\" data-srcset=\"https:\/\/andreibarseanu.ro\/wp-content\/uploads\/2025\/11\/EN-200x279.jpg 200w, https:\/\/andreibarseanu.ro\/wp-content\/uploads\/2025\/11\/EN-400x558.jpg 400w, https:\/\/andreibarseanu.ro\/wp-content\/uploads\/2025\/11\/EN-600x836.jpg 600w, https:\/\/andreibarseanu.ro\/wp-content\/uploads\/2025\/11\/EN.jpg 800w\" data-sizes=\"auto\" data-orig-sizes=\"(max-width: 850px) 100vw, 800px\" \/><\/span><\/div><\/div><\/div><div class=\"fusion-layout-column fusion_builder_column fusion-builder-column-5 fusion_builder_column_1_2 1_2 fusion-flex-column\" style=\"--awb-bg-size:cover;--awb-width-large:50%;--awb-margin-top-large:0px;--awb-spacing-right-large:3.84%;--awb-margin-bottom-large:20px;--awb-spacing-left-large:3.84%;--awb-width-medium:50%;--awb-order-medium:0;--awb-spacing-right-medium:3.84%;--awb-spacing-left-medium:3.84%;--awb-width-small:100%;--awb-order-small:0;--awb-spacing-right-small:1.92%;--awb-spacing-left-small:1.92%;\"><div class=\"fusion-column-wrapper fusion-column-has-shadow fusion-flex-justify-content-flex-start fusion-content-layout-column\"><div class=\"fusion-image-element \" style=\"--awb-caption-title-font-family:var(--h2_typography-font-family);--awb-caption-title-font-weight:var(--h2_typography-font-weight);--awb-caption-title-font-style:var(--h2_typography-font-style);--awb-caption-title-size:var(--h2_typography-font-size);--awb-caption-title-transform:var(--h2_typography-text-transform);--awb-caption-title-line-height:var(--h2_typography-line-height);--awb-caption-title-letter-spacing:var(--h2_typography-letter-spacing);\"><span class=\" fusion-imageframe imageframe-none imageframe-8 hover-type-none\"><img decoding=\"async\" width=\"800\" height=\"1131\" title=\"hu\" src=\"https:\/\/andreibarseanu.ro\/wp-content\/uploads\/2025\/11\/hu.jpg\" data-orig-src=\"https:\/\/andreibarseanu.ro\/wp-content\/uploads\/2025\/11\/hu.jpg\" alt class=\"lazyload img-responsive wp-image-6587\" srcset=\"data:image\/svg+xml,%3Csvg%20xmlns%3D%27http%3A%2F%2Fwww.w3.org%2F2000%2Fsvg%27%20width%3D%27800%27%20height%3D%271131%27%20viewBox%3D%270%200%20800%201131%27%3E%3Crect%20width%3D%27800%27%20height%3D%271131%27%20fill-opacity%3D%220%22%2F%3E%3C%2Fsvg%3E\" data-srcset=\"https:\/\/andreibarseanu.ro\/wp-content\/uploads\/2025\/11\/hu-200x283.jpg 200w, https:\/\/andreibarseanu.ro\/wp-content\/uploads\/2025\/11\/hu-400x566.jpg 400w, https:\/\/andreibarseanu.ro\/wp-content\/uploads\/2025\/11\/hu-600x848.jpg 600w, https:\/\/andreibarseanu.ro\/wp-content\/uploads\/2025\/11\/hu.jpg 800w\" data-sizes=\"auto\" data-orig-sizes=\"(max-width: 850px) 100vw, 800px\" \/><\/span><\/div><\/div><\/div><\/div><\/div><\/p>\n","protected":false},"excerpt":{"rendered":"<p>Buisque curs metus vitae sed pharetra auctsemy mas interdums mag augue diu gestibulum ante ipsum lorm.<\/p>","protected":false},"author":1,"featured_media":6583,"comment_status":"closed","ping_status":"open","sticky":false,"template":"","format":"standard","meta":{"footnotes":""},"categories":[83],"tags":[69],"class_list":["post-6582","post","type-post","status-publish","format-standard","has-post-thumbnail","hentry","category-noutati","tag-taxation"],"_links":{"self":[{"href":"https:\/\/andreibarseanu.ro\/en\/wp-json\/wp\/v2\/posts\/6582","targetHints":{"allow":["GET"]}}],"collection":[{"href":"https:\/\/andreibarseanu.ro\/en\/wp-json\/wp\/v2\/posts"}],"about":[{"href":"https:\/\/andreibarseanu.ro\/en\/wp-json\/wp\/v2\/types\/post"}],"author":[{"embeddable":true,"href":"https:\/\/andreibarseanu.ro\/en\/wp-json\/wp\/v2\/users\/1"}],"replies":[{"embeddable":true,"href":"https:\/\/andreibarseanu.ro\/en\/wp-json\/wp\/v2\/comments?post=6582"}],"version-history":[{"count":7,"href":"https:\/\/andreibarseanu.ro\/en\/wp-json\/wp\/v2\/posts\/6582\/revisions"}],"predecessor-version":[{"id":6598,"href":"https:\/\/andreibarseanu.ro\/en\/wp-json\/wp\/v2\/posts\/6582\/revisions\/6598"}],"wp:featuredmedia":[{"embeddable":true,"href":"https:\/\/andreibarseanu.ro\/en\/wp-json\/wp\/v2\/media\/6583"}],"wp:attachment":[{"href":"https:\/\/andreibarseanu.ro\/en\/wp-json\/wp\/v2\/media?parent=6582"}],"wp:term":[{"taxonomy":"category","embeddable":true,"href":"https:\/\/andreibarseanu.ro\/en\/wp-json\/wp\/v2\/categories?post=6582"},{"taxonomy":"post_tag","embeddable":true,"href":"https:\/\/andreibarseanu.ro\/en\/wp-json\/wp\/v2\/tags?post=6582"}],"curies":[{"name":"wp","href":"https:\/\/api.w.org\/{rel}","templated":true}]}}