{"id":5440,"date":"2024-11-11T09:01:22","date_gmt":"2024-11-11T06:01:22","guid":{"rendered":"https:\/\/andreibarseanu.ro\/?p=5440"},"modified":"2025-05-26T11:35:30","modified_gmt":"2025-05-26T08:35:30","slug":"celebrarea-zilei-mondiale-a-turismului","status":"publish","type":"post","link":"https:\/\/andreibarseanu.ro\/hu\/celebrarea-zilei-mondiale-a-turismului\/","title":{"rendered":"A Turizmus Vil\u00e1gnapj\u00e1nak meg\u00fcnnepl\u00e9se"},"content":{"rendered":"<div class=\"fusion-fullwidth fullwidth-box fusion-builder-row-1 fusion-flex-container has-pattern-background has-mask-background nonhundred-percent-fullwidth non-hundred-percent-height-scrolling\" style=\"--awb-border-radius-top-left:0px;--awb-border-radius-top-right:0px;--awb-border-radius-bottom-right:0px;--awb-border-radius-bottom-left:0px;--awb-padding-top:100px;--awb-flex-wrap:wrap;\" ><div class=\"fusion-builder-row fusion-row fusion-flex-align-items-flex-start fusion-flex-content-wrap\" style=\"max-width:1372.8px;margin-left: calc(-4% \/ 2 );margin-right: calc(-4% \/ 2 );\"><div class=\"fusion-layout-column fusion_builder_column fusion-builder-column-0 fusion_builder_column_1_1 1_1 fusion-flex-column\" style=\"--awb-bg-size:cover;--awb-width-large:100%;--awb-margin-top-large:0px;--awb-spacing-right-large:1.92%;--awb-margin-bottom-large:0px;--awb-spacing-left-large:1.92%;--awb-width-medium:100%;--awb-order-medium:0;--awb-spacing-right-medium:1.92%;--awb-spacing-left-medium:1.92%;--awb-width-small:100%;--awb-order-small:0;--awb-spacing-right-small:1.92%;--awb-spacing-left-small:1.92%;\"><div class=\"fusion-column-wrapper fusion-column-has-shadow fusion-flex-justify-content-flex-start fusion-content-layout-column\"><div class=\"fusion-text fusion-text-1\" style=\"--awb-content-alignment:center;--awb-font-size:22px;--awb-text-color:var(--awb-color5);\"><p>A Turizmus Vil\u00e1gnapj\u00e1nak meg\u00fcnnepl\u00e9se<\/p>\n<\/div><div class=\"fusion-text fusion-text-2 fusion-text-no-margin\" style=\"--awb-margin-bottom:40px;\"><p>Ziua Mondial\u0103 a turismului este marcat\u0103 prin drume\u021bii, vizite \u0219i excursii organizate de cadrele didactice ale LTABT \u00een cadrul programului na\u021bional S\u0103pt\u0103m\u00e2na verde.<\/p>\n<\/div><div class=\"fusion-image-element\" style=\"--awb-caption-title-font-family:var(--h2_typography-font-family);--awb-caption-title-font-weight:var(--h2_typography-font-weight);--awb-caption-title-font-style:var(--h2_typography-font-style);--awb-caption-title-size:var(--h2_typography-font-size);--awb-caption-title-transform:var(--h2_typography-text-transform);--awb-caption-title-line-height:var(--h2_typography-line-height);--awb-caption-title-letter-spacing:var(--h2_typography-letter-spacing);\"><span class=\"fusion-imageframe imageframe-none imageframe-1 hover-type-none\"><img decoding=\"async\" width=\"2070\" height=\"1166\" title=\"wtd23-final\" src=\"https:\/\/andreibarseanu.ro\/wp-content\/uploads\/2024\/11\/wtd23-final.png\" data-orig-src=\"https:\/\/andreibarseanu.ro\/wp-content\/uploads\/2024\/11\/wtd23-final.png\" alt class=\"lazyload img-responsive wp-image-5441\" srcset=\"data:image\/svg+xml,%3Csvg%20xmlns%3D%27http%3A%2F%2Fwww.w3.org%2F2000%2Fsvg%27%20width%3D%272070%27%20height%3D%271166%27%20viewBox%3D%270%200%202070%201166%27%3E%3Crect%20width%3D%272070%27%20height%3D%271166%27%20fill-opacity%3D%220%22%2F%3E%3C%2Fsvg%3E\" data-srcset=\"https:\/\/andreibarseanu.ro\/wp-content\/uploads\/2024\/11\/wtd23-final-200x113.png 200w, https:\/\/andreibarseanu.ro\/wp-content\/uploads\/2024\/11\/wtd23-final-400x225.png 400w, https:\/\/andreibarseanu.ro\/wp-content\/uploads\/2024\/11\/wtd23-final-600x338.png 600w, https:\/\/andreibarseanu.ro\/wp-content\/uploads\/2024\/11\/wtd23-final-800x451.png 800w, https:\/\/andreibarseanu.ro\/wp-content\/uploads\/2024\/11\/wtd23-final-1200x676.png 1200w, https:\/\/andreibarseanu.ro\/wp-content\/uploads\/2024\/11\/wtd23-final.png 2070w\" data-sizes=\"auto\" data-orig-sizes=\"(max-width: 850px) 100vw, 2070px\" \/><\/span><\/div><\/div><\/div><\/div><\/div>","protected":false},"excerpt":{"rendered":"<p>Buisque curs metus vitae sed pharetra auctsemy mas interdums mag augue diu gestibulum ante ipsum lorm.<\/p>","protected":false},"author":1,"featured_media":5443,"comment_status":"closed","ping_status":"open","sticky":false,"template":"","format":"standard","meta":{"footnotes":""},"categories":[83],"tags":[69],"class_list":["post-5440","post","type-post","status-publish","format-standard","has-post-thumbnail","hentry","category-noutati","tag-taxation"],"_links":{"self":[{"href":"https:\/\/andreibarseanu.ro\/hu\/wp-json\/wp\/v2\/posts\/5440","targetHints":{"allow":["GET"]}}],"collection":[{"href":"https:\/\/andreibarseanu.ro\/hu\/wp-json\/wp\/v2\/posts"}],"about":[{"href":"https:\/\/andreibarseanu.ro\/hu\/wp-json\/wp\/v2\/types\/post"}],"author":[{"embeddable":true,"href":"https:\/\/andreibarseanu.ro\/hu\/wp-json\/wp\/v2\/users\/1"}],"replies":[{"embeddable":true,"href":"https:\/\/andreibarseanu.ro\/hu\/wp-json\/wp\/v2\/comments?post=5440"}],"version-history":[{"count":1,"href":"https:\/\/andreibarseanu.ro\/hu\/wp-json\/wp\/v2\/posts\/5440\/revisions"}],"predecessor-version":[{"id":5442,"href":"https:\/\/andreibarseanu.ro\/hu\/wp-json\/wp\/v2\/posts\/5440\/revisions\/5442"}],"wp:featuredmedia":[{"embeddable":true,"href":"https:\/\/andreibarseanu.ro\/hu\/wp-json\/wp\/v2\/media\/5443"}],"wp:attachment":[{"href":"https:\/\/andreibarseanu.ro\/hu\/wp-json\/wp\/v2\/media?parent=5440"}],"wp:term":[{"taxonomy":"category","embeddable":true,"href":"https:\/\/andreibarseanu.ro\/hu\/wp-json\/wp\/v2\/categories?post=5440"},{"taxonomy":"post_tag","embeddable":true,"href":"https:\/\/andreibarseanu.ro\/hu\/wp-json\/wp\/v2\/tags?post=5440"}],"curies":[{"name":"wp","href":"https:\/\/api.w.org\/{rel}","templated":true}]}}