{"id":6576,"date":"2025-10-22T10:36:22","date_gmt":"2025-10-22T07:36:22","guid":{"rendered":"https:\/\/andreibarseanu.ro\/?p=6576"},"modified":"2025-11-11T10:41:16","modified_gmt":"2025-11-11T07:41:16","slug":"ziua-organizatiei-natiunilor-unite-onu-24-10-2025","status":"publish","type":"post","link":"https:\/\/andreibarseanu.ro\/hu\/ziua-organizatiei-natiunilor-unite-onu-24-10-2025\/","title":{"rendered":"Ziua Organiza\u021biei Na\u021biunilor Unite (ONU) 24\/10\/2025"},"content":{"rendered":"<div class=\"fusion-fullwidth fullwidth-box fusion-builder-row-1 fusion-flex-container has-pattern-background has-mask-background nonhundred-percent-fullwidth non-hundred-percent-height-scrolling\" style=\"--awb-border-radius-top-left:0px;--awb-border-radius-top-right:0px;--awb-border-radius-bottom-right:0px;--awb-border-radius-bottom-left:0px;--awb-padding-top:100px;--awb-padding-bottom:30px;--awb-padding-top-small:30px;--awb-flex-wrap:wrap;\" ><div class=\"fusion-builder-row fusion-row fusion-flex-align-items-flex-start fusion-flex-content-wrap\" style=\"max-width:1372.8px;margin-left: calc(-4% \/ 2 );margin-right: calc(-4% \/ 2 );\"><div class=\"fusion-layout-column fusion_builder_column fusion-builder-column-0 fusion_builder_column_1_1 1_1 fusion-flex-column\" style=\"--awb-bg-size:cover;--awb-width-large:100%;--awb-margin-top-large:0px;--awb-spacing-right-large:1.92%;--awb-margin-bottom-large:0px;--awb-spacing-left-large:1.92%;--awb-width-medium:100%;--awb-order-medium:0;--awb-spacing-right-medium:1.92%;--awb-spacing-left-medium:1.92%;--awb-width-small:100%;--awb-order-small:0;--awb-spacing-right-small:1.92%;--awb-spacing-left-small:1.92%;\" data-scroll-devices=\"small-visibility,medium-visibility,large-visibility\"><div class=\"fusion-column-wrapper fusion-column-has-shadow fusion-flex-justify-content-flex-start fusion-content-layout-column\"><div class=\"fusion-text fusion-text-1 fusion-text-no-margin\" style=\"--awb-content-alignment:center;--awb-font-size:22px;--awb-text-color:var(--awb-color5);--awb-margin-bottom:30px;\"><p>Campanie de informare la Liceul Teoretic \u201eAndrei B\u00e2rseanu\u201d T\u00e2rn\u0103veni \u2028cu ocazia Zilei Organiza\u021biei Na\u021biunilor Unite (ONU) 24\/10\/2025<\/p>\n<\/div><div class=\"fusion-image-element\" style=\"--awb-caption-title-font-family:var(--h2_typography-font-family);--awb-caption-title-font-weight:var(--h2_typography-font-weight);--awb-caption-title-font-style:var(--h2_typography-font-style);--awb-caption-title-size:var(--h2_typography-font-size);--awb-caption-title-transform:var(--h2_typography-text-transform);--awb-caption-title-line-height:var(--h2_typography-line-height);--awb-caption-title-letter-spacing:var(--h2_typography-letter-spacing);\"><span class=\"fusion-imageframe imageframe-none imageframe-1 hover-type-none\"><img decoding=\"async\" width=\"1600\" height=\"905\" title=\"onu 2025\" src=\"https:\/\/andreibarseanu.ro\/wp-content\/uploads\/2025\/11\/onu-2025.jpeg\" data-orig-src=\"https:\/\/andreibarseanu.ro\/wp-content\/uploads\/2025\/11\/onu-2025.jpeg\" alt class=\"lazyload img-responsive wp-image-6578\" srcset=\"data:image\/svg+xml,%3Csvg%20xmlns%3D%27http%3A%2F%2Fwww.w3.org%2F2000%2Fsvg%27%20width%3D%271600%27%20height%3D%27905%27%20viewBox%3D%270%200%201600%20905%27%3E%3Crect%20width%3D%271600%27%20height%3D%27905%27%20fill-opacity%3D%220%22%2F%3E%3C%2Fsvg%3E\" data-srcset=\"https:\/\/andreibarseanu.ro\/wp-content\/uploads\/2025\/11\/onu-2025-200x113.jpeg 200w, https:\/\/andreibarseanu.ro\/wp-content\/uploads\/2025\/11\/onu-2025-400x226.jpeg 400w, https:\/\/andreibarseanu.ro\/wp-content\/uploads\/2025\/11\/onu-2025-600x339.jpeg 600w, https:\/\/andreibarseanu.ro\/wp-content\/uploads\/2025\/11\/onu-2025-800x453.jpeg 800w, https:\/\/andreibarseanu.ro\/wp-content\/uploads\/2025\/11\/onu-2025-1200x679.jpeg 1200w, https:\/\/andreibarseanu.ro\/wp-content\/uploads\/2025\/11\/onu-2025.jpeg 1600w\" data-sizes=\"auto\" data-orig-sizes=\"(max-width: 850px) 100vw, 1600px\" \/><\/span><\/div><div class=\"fusion-text fusion-text-2 fusion-text-no-margin\" style=\"--awb-margin-top:60px;--awb-margin-bottom:30px;\"><p><a href=\"https:\/\/www.un.org\/en\/observances\/un-day\">Organiza\u021bia Na\u021biunilor Unite<\/a><\/p>\n<p><b>\u201eNa\u021biunile Unite la 80 de ani: Construim viitorul nostru \u00eempreun\u0103<\/b><\/p>\n<p>Anul 2025 marcheaz\u0103 cea de-a 80-a aniversare a ONU.<\/p>\n<p>Na\u021biunile Unite sunt organiza\u021bia interna\u021bional\u0103 cea mai universal\u0103, av\u00e2nd o acoperire cu adev\u0103rat global\u0103. Prin promovarea p\u0103cii, a drepturilor omului \u0219i a progresului social, inclusiv a accesului la asisten\u021b\u0103 medical\u0103 \u0219i educa\u021bie, Na\u021biunile Unite au \u00eembun\u0103t\u0103\u021bit via\u021ba oamenilor din \u00eentreaga lume, cre\u00e2nd standarde de via\u021b\u0103 mai bune pentru to\u021bi.<\/p>\n<p>La optzeci de ani de la \u00eenfiin\u021bare, Organiza\u021bia Na\u021biunilor Unite se confrunt\u0103 cu noi provoc\u0103ri. Organiza\u021bia lucreaz\u0103 la modalit\u0103\u021bi de adaptare \u0219i consolidare. Prin intermediul Agendei 2030, Pactului pentru Viitor \u0219i ini\u021biativei ONU80, ONU \u00ee\u0219i propune s\u0103 re\u00eennoiasc\u0103 fundamentele cooper\u0103rii interna\u021bionale \u0219i s\u0103 se asigure c\u0103 poate oferi servicii oamenilor de pretutindeni.<\/p>\n<p>Ziua Na\u021biunilor Unite, pe 24 octombrie, marcheaz\u0103 aniversarea intr\u0103rii \u00een vigoare \u00een 1945 a Cartei ONU. Odat\u0103 cu ratificarea acestui document fondator de c\u0103tre majoritatea semnatarilor s\u0103i, inclusiv cei cinci membri permanen\u021bi ai Consiliului de Securitate, Na\u021biunile Unite au luat fiin\u021b\u0103 oficial.<\/p>\n<p><a href=\"https:\/\/mpnewyork.mae.ro\/local-news\/2430\">Misiunea permanent\u0103 a ROM\u00c2NIEI pe l\u00e2ng\u0103 Organiza\u021bia Na\u021biunilor Unite<\/a><\/p>\n<p><b>\u201eAniversarea a 80 de ani de la semnarea Cartei ONU<\/b><\/p>\n<p>Rom\u00e2nia salut\u0103 aniversarea a 80 de ani de la semnarea, la San Francisco, la 26 iunie 1945, a Cartei ONU, documentul fondator al Organiza\u021biei Na\u021biunilor Unite. Carta ONU, care a intrat \u00een vigoare la 24 octombrie 1945 \u2013 Ziua Na\u021biunilor Unite &#8211; este un instrument de drept interna\u021bional care codific\u0103 principiile fundamentale ale rela\u021biilor interna\u021bionale.<\/p>\n<p>Valorile \u0219i principiile care stau la baza Cartei ONU r\u0103m\u00e2n, la 80 de ani de la adoptare, la fel de relevante. Astfel, Carta ONU reafirm\u0103 scopul principal al Na\u021biunilor Unite, anume men\u021binerea p\u0103cii \u0219i securit\u0103\u021bii interna\u021bionale \u0219i dezvoltarea de rela\u021bii pa\u0219nice \u00eentre state, bazate pe respectul principiilor fundamentale ale dreptului interna\u021bional. Acestea sunt men\u021bionate \u00een Carta ONU, care prevede, de asemenea, promovarea \u0219i \u00eencurajarea drepturilor omului \u0219i libert\u0103\u021bilor fundamentale, f\u0103r\u0103 deosebire de ras\u0103, sex, limb\u0103 sau religie.<\/p>\n<p><a href=\"https:\/\/www.edu.ro\/sites\/default\/files\/Ghid%2520pentru%2520educatori_ODD.docx\">Ministerul Educa\u021biei \u0219i Cercet\u0103rii<\/a><\/p>\n<p><b>GHID PENTRU EDUCATORI*<\/b><\/p>\n<p>\u201eAcest scurt curs este destinat educatorilor \u0219i tuturor celor care ar dori s\u0103-i \u00eenve\u021be pe copii \u0219i tineri Obiectivele de Dezvoltare Durabil\u0103, cunoscute sub numele de Obiective Globale. Are ca scop s\u0103 sprijine predarea Celei Mai Mari Lec\u021bii din Lume \u0219i toate celelalte eforturi de educare \u0219i s\u0103 angajeze copiii \u0219i tinerii astfel \u00eenc\u00e2t s\u0103 sprijine obiectivele de dezvoltare durabil\u0103 \u0219i s\u0103 doreasc\u0103 s\u0103-\u0219i transforme sprijinul \u00een ac\u021biune.<span class=\"Apple-converted-space\">\u00a0<\/span><\/p>\n<p>Cursul sprijin\u0103 predarea \u00een cadrul \u00eenv\u0103\u021b\u0103rii formale \u0219i informale.<\/p>\n<p>Nu presupune un anumit nivel de cunoa\u0219tere sau de experien\u021b\u0103 legat de Organiza\u021bia Na\u021biunilor Unite, de Dezvoltarea Interna\u021bional\u0103 sau a Obiectivelor de Dezvoltare Durabil\u0103.<\/p>\n<p>Poate fi folosit \u00een \u00eentregime sau doar par\u021bial, \u00een func\u021bie de relevan\u021b\u0103<\/p>\n<p><b>CUM S\u0102 UTILIZA\u021aI ACEST CURS?<\/b><\/p>\n<p>Cursul a fost \u00eemp\u0103r\u021bit \u00een cinci sec\u021biuni:<\/p>\n<p><b>Partea 1<\/b>: V\u0103 ajut\u0103 s\u0103 \u00een\u021belege\u021bi scopul Organiza\u021biei Na\u021biunilor Unite, obiectivele dezvolt\u0103rii durabile \u0219i modul \u00een care acestea au fost stabilite, astfel \u00eenc\u00e2t s\u0103 v\u0103 sim\u021bi\u021bi \u00eencrez\u0103tori \u00een crearea resurselor, predarea lec\u021biilor \u0219i r\u0103spunsul la \u00eentreb\u0103ri<\/p>\n<p><b>Partea 2<\/b>: \u00centreb\u0103ri frecvente pentru a rezuma \u0219i a r\u0103spunde la toate \u00eentreb\u0103rile dvs. \u0219i la \u00eentreb\u0103rile pe care le-ar putea adresa copiii despre obiectivele globale<\/p>\n<p><b>Partea 3<\/b>: V\u0103 ghideaz\u0103 prin materialele disponibile pentru Cea Mai Mare Lec\u021bie din Lume pentru a introduce sau a preda Obiectivele Dezvolt\u0103rii Durabile \u0219i v\u0103 ofer\u0103 exemple practice de ac\u021biuni pe care elevii dvs. le pot realiza.<\/p>\n<p><b>Partea 4<\/b>: \u00cemp\u0103rt\u0103\u0219e\u0219te c\u00e2teva bune practici de la al\u021bi profesori care au \u00eenv\u0103\u021bat s\u0103 utilizeze con\u021binutul Celei Mai Mari Lec\u021bii din Lume, inclusiv s\u0103 furnizeze idei \u0219i sfaturi despre utilizarea produselor Microsoft pentru a sprijini participarea la Cea Mai Mare Lec\u021bie din Lume<\/p>\n<p><b>Partea 5<\/b>: Este o invita\u021bie de a v\u0103 crea \u0219i \u00eemp\u0103rt\u0103\u0219i propriile resurse pentru cea mai mare lec\u021bie din lume<\/p>\n<p>Cursul ar trebui s\u0103 dureze aproximativ 60 de minute. \u201d<\/p>\n<p>*Traducere dup\u0103 Understanding the Global Goals and how to teach them (<a href=\"http:\/\/worldslargestlesson.globalgoals.org\/teachers-guide\/\">http:\/\/worldslargestlesson.globalgoals.org\/teachers-guide\/<\/a>). Toate drepturile de autor sunt rezervate companiei non-profit Project Everyone (conform licen\u021bei <a href=\"http:\/\/worldslargestlesson.globalgoals.org\/asset-licence\/\">http:\/\/worldslargestlesson.globalgoals.org\/asset-licence\/<\/a>). Materialele pot fi utilizate \u0219i redistribuite doar cu men\u021bionarea sursei, iar con\u021binutul acestora nu poate fi modificat.<\/p>\n<\/div><div class=\"fusion-image-element\" style=\"--awb-caption-title-font-family:var(--h2_typography-font-family);--awb-caption-title-font-weight:var(--h2_typography-font-weight);--awb-caption-title-font-style:var(--h2_typography-font-style);--awb-caption-title-size:var(--h2_typography-font-size);--awb-caption-title-transform:var(--h2_typography-text-transform);--awb-caption-title-line-height:var(--h2_typography-line-height);--awb-caption-title-letter-spacing:var(--h2_typography-letter-spacing);\"><span class=\"fusion-imageframe imageframe-none imageframe-2 hover-type-none\"><img decoding=\"async\" width=\"800\" height=\"295\" title=\"project\" src=\"https:\/\/andreibarseanu.ro\/wp-content\/uploads\/2025\/11\/project.jpg\" data-orig-src=\"https:\/\/andreibarseanu.ro\/wp-content\/uploads\/2025\/11\/project.jpg\" alt class=\"lazyload img-responsive wp-image-6579\" srcset=\"data:image\/svg+xml,%3Csvg%20xmlns%3D%27http%3A%2F%2Fwww.w3.org%2F2000%2Fsvg%27%20width%3D%27800%27%20height%3D%27295%27%20viewBox%3D%270%200%20800%20295%27%3E%3Crect%20width%3D%27800%27%20height%3D%27295%27%20fill-opacity%3D%220%22%2F%3E%3C%2Fsvg%3E\" data-srcset=\"https:\/\/andreibarseanu.ro\/wp-content\/uploads\/2025\/11\/project-200x74.jpg 200w, https:\/\/andreibarseanu.ro\/wp-content\/uploads\/2025\/11\/project-400x148.jpg 400w, https:\/\/andreibarseanu.ro\/wp-content\/uploads\/2025\/11\/project-600x221.jpg 600w, https:\/\/andreibarseanu.ro\/wp-content\/uploads\/2025\/11\/project.jpg 800w\" data-sizes=\"auto\" data-orig-sizes=\"(max-width: 850px) 100vw, 800px\" \/><\/span><\/div><div class=\"fusion-text fusion-text-3 fusion-text-no-margin\" style=\"--awb-margin-top:60px;--awb-margin-bottom:30px;\"><p><a href=\"https:\/\/project-everyone.org\/\">Project Everyone<\/a>, un partener global al Na\u021biunilor Unite, \u00ee\u0219i propune s\u0103 pun\u0103 puterea comunic\u0103rii \u00een spatele Obiectivelor de Dezvoltare Durabil\u0103, cunoscute \u0219i sub denumirea de Obiective Globale.<\/p>\n<p>Programul educa\u021bional din cadrul Proiectului Everyone este <a href=\"https:\/\/worldslargestlesson.globalgoals.org\/\">World\u2019s Largest Lesson<\/a><\/p>\n<\/div><div class=\"fusion-image-element\" style=\"--awb-caption-title-font-family:var(--h2_typography-font-family);--awb-caption-title-font-weight:var(--h2_typography-font-weight);--awb-caption-title-font-style:var(--h2_typography-font-style);--awb-caption-title-size:var(--h2_typography-font-size);--awb-caption-title-transform:var(--h2_typography-text-transform);--awb-caption-title-line-height:var(--h2_typography-line-height);--awb-caption-title-letter-spacing:var(--h2_typography-letter-spacing);\"><span class=\"fusion-imageframe imageframe-none imageframe-3 hover-type-none\"><img decoding=\"async\" width=\"800\" height=\"295\" title=\"wll\" src=\"https:\/\/andreibarseanu.ro\/wp-content\/uploads\/2025\/11\/wll.jpg\" data-orig-src=\"https:\/\/andreibarseanu.ro\/wp-content\/uploads\/2025\/11\/wll.jpg\" alt class=\"lazyload img-responsive wp-image-6580\" srcset=\"data:image\/svg+xml,%3Csvg%20xmlns%3D%27http%3A%2F%2Fwww.w3.org%2F2000%2Fsvg%27%20width%3D%27800%27%20height%3D%27295%27%20viewBox%3D%270%200%20800%20295%27%3E%3Crect%20width%3D%27800%27%20height%3D%27295%27%20fill-opacity%3D%220%22%2F%3E%3C%2Fsvg%3E\" data-srcset=\"https:\/\/andreibarseanu.ro\/wp-content\/uploads\/2025\/11\/wll-200x74.jpg 200w, https:\/\/andreibarseanu.ro\/wp-content\/uploads\/2025\/11\/wll-400x148.jpg 400w, https:\/\/andreibarseanu.ro\/wp-content\/uploads\/2025\/11\/wll-600x221.jpg 600w, https:\/\/andreibarseanu.ro\/wp-content\/uploads\/2025\/11\/wll.jpg 800w\" data-sizes=\"auto\" data-orig-sizes=\"(max-width: 850px) 100vw, 800px\" \/><\/span><\/div><div class=\"fusion-text fusion-text-4 fusion-text-no-margin\" style=\"--awb-margin-top:60px;--awb-margin-bottom:30px;\"><p>Cea mai mare lec\u021bie din lume promoveaz\u0103 utilizarea Obiectivelor de Dezvoltare Durabil\u0103 \u00een \u00eenv\u0103\u021bare, astfel \u00eenc\u00e2t copiii \u0219i tinerii s\u0103 poat\u0103 contribui la un viitor mai bun pentru to\u021bi.<\/p>\n<\/div><\/div><\/div><\/div><\/div>","protected":false},"excerpt":{"rendered":"<p>Buisque curs metus vitae sed pharetra auctsemy mas interdums mag augue diu gestibulum ante ipsum lorm.<\/p>","protected":false},"author":1,"featured_media":6577,"comment_status":"closed","ping_status":"open","sticky":false,"template":"","format":"standard","meta":{"footnotes":""},"categories":[83],"tags":[69],"class_list":["post-6576","post","type-post","status-publish","format-standard","has-post-thumbnail","hentry","category-noutati","tag-taxation"],"_links":{"self":[{"href":"https:\/\/andreibarseanu.ro\/hu\/wp-json\/wp\/v2\/posts\/6576","targetHints":{"allow":["GET"]}}],"collection":[{"href":"https:\/\/andreibarseanu.ro\/hu\/wp-json\/wp\/v2\/posts"}],"about":[{"href":"https:\/\/andreibarseanu.ro\/hu\/wp-json\/wp\/v2\/types\/post"}],"author":[{"embeddable":true,"href":"https:\/\/andreibarseanu.ro\/hu\/wp-json\/wp\/v2\/users\/1"}],"replies":[{"embeddable":true,"href":"https:\/\/andreibarseanu.ro\/hu\/wp-json\/wp\/v2\/comments?post=6576"}],"version-history":[{"count":1,"href":"https:\/\/andreibarseanu.ro\/hu\/wp-json\/wp\/v2\/posts\/6576\/revisions"}],"predecessor-version":[{"id":6581,"href":"https:\/\/andreibarseanu.ro\/hu\/wp-json\/wp\/v2\/posts\/6576\/revisions\/6581"}],"wp:featuredmedia":[{"embeddable":true,"href":"https:\/\/andreibarseanu.ro\/hu\/wp-json\/wp\/v2\/media\/6577"}],"wp:attachment":[{"href":"https:\/\/andreibarseanu.ro\/hu\/wp-json\/wp\/v2\/media?parent=6576"}],"wp:term":[{"taxonomy":"category","embeddable":true,"href":"https:\/\/andreibarseanu.ro\/hu\/wp-json\/wp\/v2\/categories?post=6576"},{"taxonomy":"post_tag","embeddable":true,"href":"https:\/\/andreibarseanu.ro\/hu\/wp-json\/wp\/v2\/tags?post=6576"}],"curies":[{"name":"wp","href":"https:\/\/api.w.org\/{rel}","templated":true}]}}